{"id":224,"date":"2019-09-12T10:29:26","date_gmt":"2019-09-12T07:29:26","guid":{"rendered":"https:\/\/www.sporplaza.com\/blog\/?p=224"},"modified":"2019-09-12T14:43:07","modified_gmt":"2019-09-12T11:43:07","slug":"vertech-bisiklet-yorumlari","status":"publish","type":"post","link":"https:\/\/www.sporplaza.com\/blog\/vertech-bisiklet-yorumlari\/","title":{"rendered":"Vertech Bisiklet Yorumlar\u0131"},"content":{"rendered":"\n<p>Vertech bisiklet T\u00fcrkiye bisiklet piyasas\u0131na son giren markalardan bir tanesidir. Durum b\u00f6yle olunca vertech bisiklet yorumlar\u0131 ve kullan\u0131c\u0131 fikirleri merak edilen ve tart\u0131\u015f\u0131lan noktada yer al\u0131yor. Biz bu yaz\u0131m\u0131zda vertech bisiklet ile ilgili yorumlardan bahsetmeye \u00e7al\u0131\u015faca\u011f\u0131z.<\/p>\n\n\n\n<div class=\"wp-block-image\"><figure class=\"aligncenter\"><img loading=\"lazy\" decoding=\"async\" width=\"1024\" height=\"1024\" src=\"https:\/\/www.sporplaza.com\/blog\/wp-content\/uploads\/2019\/08\/vertec-laser-2724-3-1024x1024.jpg\" alt=\"Vertech Bisiklet Yorumlar\u0131\" class=\"wp-image-175\" srcset=\"https:\/\/www.sporplaza.com\/blog\/wp-content\/uploads\/2019\/08\/vertec-laser-2724-3-1024x1024.jpg 1024w, https:\/\/www.sporplaza.com\/blog\/wp-content\/uploads\/2019\/08\/vertec-laser-2724-3-150x150.jpg 150w, https:\/\/www.sporplaza.com\/blog\/wp-content\/uploads\/2019\/08\/vertec-laser-2724-3-300x300.jpg 300w, https:\/\/www.sporplaza.com\/blog\/wp-content\/uploads\/2019\/08\/vertec-laser-2724-3-768x768.jpg 768w, https:\/\/www.sporplaza.com\/blog\/wp-content\/uploads\/2019\/08\/vertec-laser-2724-3.jpg 1200w\" sizes=\"(max-width: 1024px) 100vw, 1024px\" \/><figcaption>Vertech Bisiklet Yorumlar\u0131<\/figcaption><\/figure><\/div>\n\n\n\n<h2 class=\"wp-block-heading\">Vertech G\u00f6rsel De\u011ferlendirme<\/h2>\n\n\n\n<p>Vertech bisikletin en \u00e7ok g\u00f6z doldurdu\u011fu konulardan bir tanesi \u015f\u00fcphesiz g\u00f6rsel ba\u015far\u0131s\u0131d\u0131r. \u015e\u00f6yle ki bisiklet g\u00f6r\u00fcn\u00fc\u015f itibariyle avrupa men\u015feili \u00fcst grup bisikletleri aratmayacak tasar\u0131ma sahip.  \u00c7elik kadrolar\u0131n\u0131n dahi albenisi olduk\u00e7a ba\u015far\u0131l\u0131.<\/p>\n\n\n\n<h2 class=\"wp-block-heading\">Vertech \u00c7eki\u015f Sistemi De\u011ferlendirmesi<\/h2>\n\n\n\n<p>Vertech markas\u0131n\u0131n en \u00e7ok ele\u015ftiri ald\u0131\u011f\u0131 alanlardan bir tanesi de \u00e7eki\u015f sistemi bu konuda kullan\u0131c\u0131lar ne kadar hakl\u0131lar tart\u0131\u015f\u0131l\u0131r. Fakat shimano marka \u00e7eki\u015f sistemine bir a\u015final\u0131k oldu\u011fu i\u00e7in insanlar ister istemez farkl\u0131 \u00e7eki\u015f sistemlerine g\u00fcvenmiyorlar. Vertech bir \u00e7ok modelinde kendi \u00fcrettirmi\u015f oldu\u011fu \u00e7al\u0131\u015fma prensibi olarak Alman Sram markas\u0131n\u0131 and\u0131ran \u00e7eki\u015f sistemlerini kullan\u0131yor.<\/p>\n\n\n\n<h2 class=\"wp-block-heading\">Teker Setleri<\/h2>\n\n\n\n<p>Teker setleri de yine vertech markas\u0131n\u0131n kendisine ait. \u00c7elik kadrolarda dahi kullan\u0131lan \u00e7ift katl\u0131 jant \u00e7emberleri ile g\u00f6z dolduruyor. Bu durum hem dayan\u0131kl\u0131l\u0131\u011f\u0131 art\u0131r\u0131yor. Hem de hafif ve g\u00f6rsel ba\u015far\u0131y\u0131 da beraberinde getiriyor.<\/p>\n\n\n\n<h2 class=\"wp-block-heading\">Vertech Kadro De\u011ferlendirmesi<\/h2>\n\n\n\n<p>Di\u011fer yaz\u0131lar\u0131m\u0131zda vertech markas\u0131n\u0131n arkas\u0131nda \u00c7in&#8217;de ki b\u00fcy\u00fck bir kadro imalat\u00e7\u0131s\u0131n\u0131n yer ald\u0131\u011f\u0131n\u0131 s\u00f6ylemi\u015ftik. Bu sebeple bu bisikletlerin ilk g\u00f6r\u00fcn\u00fc\u015fte en ba\u015far\u0131l\u0131 noktalar\u0131n\u0131n kadrolar\u0131 oldu\u011funu s\u00f6yleyebiliriz. Gerek boya kalitesi gerekse kaynak noktalar\u0131 olduk\u00e7a ba\u015far\u0131l\u0131 g\u00f6z\u00fck\u00fcyor. Tabi \u00fcr\u00fcn\u00fcn yayg\u0131nla\u015f\u0131p farkl\u0131 kullan\u0131c\u0131lar taraf\u0131ndan  test edildikten sonra ortaya koyaca\u011f\u0131 performans kadro kalitesi konusunda daha belirleyici olacakt\u0131r. Baz\u0131 modellere 10 y\u0131l kadro garantisi verdi\u011fini belirten firma bu anlamdan cidden iddial\u0131 g\u00f6z\u00fck\u00fcyor.<\/p>\n\n\n\n<figure class=\"wp-block-image\"><img loading=\"lazy\" decoding=\"async\" width=\"1024\" height=\"1024\" src=\"https:\/\/www.sporplaza.com\/blog\/wp-content\/uploads\/2019\/08\/vertech-one-78-2-1024x1024.jpg\" alt=\"\" class=\"wp-image-176\" srcset=\"https:\/\/www.sporplaza.com\/blog\/wp-content\/uploads\/2019\/08\/vertech-one-78-2-1024x1024.jpg 1024w, https:\/\/www.sporplaza.com\/blog\/wp-content\/uploads\/2019\/08\/vertech-one-78-2-150x150.jpg 150w, https:\/\/www.sporplaza.com\/blog\/wp-content\/uploads\/2019\/08\/vertech-one-78-2-300x300.jpg 300w, https:\/\/www.sporplaza.com\/blog\/wp-content\/uploads\/2019\/08\/vertech-one-78-2-768x768.jpg 768w, https:\/\/www.sporplaza.com\/blog\/wp-content\/uploads\/2019\/08\/vertech-one-78-2.jpg 1200w\" sizes=\"(max-width: 1024px) 100vw, 1024px\" \/><figcaption>Vertech Kadro<\/figcaption><\/figure>\n\n\n\n<p>Bisiklet konusunda bilinen farkl\u0131 konularda da \u00e7ekim yapan Selman BOZKIR Youtube kanal\u0131nda  Vertech Bisikletlerden bahseden bir ka\u00e7 video \u00e7ekti. Bu videolar\u0131 da yaz\u0131m\u0131z\u0131n i\u00e7erisine yerle\u015ftiriyorum. Bu videolar\u0131 izleyerek de konu hakk\u0131nda bilgi sahibi olabilirsiniz. <\/p>\n\n\n\n<figure class=\"wp-block-embed-youtube wp-block-embed is-type-video is-provider-youtube wp-embed-aspect-16-9 wp-has-aspect-ratio\"><div class=\"wp-block-embed__wrapper\">\n<iframe loading=\"lazy\" title=\"10 Y\u0131l Kadro Garantisi! Vertech s2724 Laser Da\u011f Bisikleti \u0130ncelemesi\" width=\"910\" height=\"512\" src=\"https:\/\/www.youtube.com\/embed\/KR4NpksSve4?feature=oembed\" frameborder=\"0\" allow=\"accelerometer; autoplay; encrypted-media; gyroscope; picture-in-picture\" allowfullscreen><\/iframe>\n<\/div><figcaption>Vertech S2724 Laser \u0130nceleme<\/figcaption><\/figure>\n\n\n\n<figure class=\"wp-block-embed-youtube wp-block-embed is-type-video is-provider-youtube wp-embed-aspect-16-9 wp-has-aspect-ratio\"><div class=\"wp-block-embed__wrapper\">\n<iframe loading=\"lazy\" title=\"YEN\u0130 B\u0130S\u0130KLET\u0130M! Vertech s2724 Laser Da\u011f Bisikleti\" width=\"910\" height=\"512\" src=\"https:\/\/www.youtube.com\/embed\/LrG7QQWNTm8?feature=oembed\" frameborder=\"0\" allow=\"accelerometer; autoplay; encrypted-media; gyroscope; picture-in-picture\" allowfullscreen><\/iframe>\n<\/div><\/figure>\n\n\n\n<p><\/p>\n\n\n\n<p>Bisiklet konusundaki di\u011fer yaz\u0131lar\u0131m\u0131z i\u00e7in  <a href=\"https:\/\/www.sporplaza.com\/blog\/category\/bisiklet\/\">https:\/\/www.sporplaza.com\/blog\/category\/bisiklet\/<\/a>  adresini ziyaret edebilirsiniz.<\/p>\n\n\n\n<p>Vertech bisikletlerle ilgili web sitemizde zaman zaman i\u00e7erikler yay\u0131nlayarak yeni model vertech bisikletlerin tan\u0131t\u0131m\u0131n\u0131 da ger\u00e7ekle\u015ftirece\u011fiz. 2020 model Vertech Bisiklet modelleri ile ilgili de bizimle irtibata ge\u00e7ebilirsiniz.<\/p>\n","protected":false},"excerpt":{"rendered":"<p>Vertech bisiklet T\u00fcrkiye bisiklet piyasas\u0131na son giren markalardan bir tanesidir. Durum b\u00f6yle olunca vertech bisiklet yorumlar\u0131 ve kullan\u0131c\u0131 fikirleri merak<\/p>\n","protected":false},"author":1,"featured_media":177,"comment_status":"closed","ping_status":"closed","sticky":false,"template":"","format":"standard","meta":{"footnotes":""},"categories":[56],"tags":[66],"class_list":["post-224","post","type-post","status-publish","format-standard","has-post-thumbnail","hentry","category-bisiklet","tag-vertech","comments-off"],"yoast_head":"<!-- This site is optimized with the Yoast SEO plugin v23.9 - https:\/\/yoast.com\/wordpress\/plugins\/seo\/ -->\n<title>Vertech Bisiklet Yorumlar\u0131 - Spor Plaza Bisiklet ve Spor \u00dcr\u00fcnleri<\/title>\n<meta name=\"description\" content=\"Vertech bisiklet yorumlar\u0131 hakk\u0131nda yazm\u0131\u015f oldu\u011fumuz bu yaz\u0131m\u0131z\u0131 videolarla da zenginle\u015ftirerek bisiklet severlere bilgi vermeye \u00e7al\u0131\u015ft\u0131k\" \/>\n<meta name=\"robots\" content=\"index, follow, max-snippet:-1, max-image-preview:large, max-video-preview:-1\" \/>\n<link rel=\"canonical\" href=\"https:\/\/www.sporplaza.com\/blog\/vertech-bisiklet-yorumlari\/\" \/>\n<meta property=\"og:locale\" content=\"tr_TR\" \/>\n<meta property=\"og:type\" content=\"article\" \/>\n<meta property=\"og:title\" content=\"Vertech Bisiklet Yorumlar\u0131 - Spor Plaza Bisiklet ve Spor \u00dcr\u00fcnleri\" \/>\n<meta property=\"og:description\" content=\"Vertech bisiklet yorumlar\u0131 hakk\u0131nda yazm\u0131\u015f oldu\u011fumuz bu yaz\u0131m\u0131z\u0131 videolarla da zenginle\u015ftirerek bisiklet severlere bilgi vermeye \u00e7al\u0131\u015ft\u0131k\" \/>\n<meta property=\"og:url\" content=\"https:\/\/www.sporplaza.com\/blog\/vertech-bisiklet-yorumlari\/\" \/>\n<meta property=\"og:site_name\" content=\"Spor Plaza Bisiklet ve Spor \u00dcr\u00fcnleri\" \/>\n<meta property=\"article:published_time\" content=\"2019-09-12T07:29:26+00:00\" \/>\n<meta property=\"article:modified_time\" content=\"2019-09-12T11:43:07+00:00\" \/>\n<meta property=\"og:image\" content=\"https:\/\/www.sporplaza.com\/blog\/wp-content\/uploads\/2019\/08\/vertech-proride-27-5-mtb-bisiklet-3.jpg\" \/>\n\t<meta property=\"og:image:width\" content=\"1200\" \/>\n\t<meta property=\"og:image:height\" content=\"1200\" \/>\n\t<meta property=\"og:image:type\" content=\"image\/jpeg\" \/>\n<meta name=\"author\" content=\"admin\" \/>\n<meta name=\"twitter:card\" content=\"summary_large_image\" \/>\n<meta name=\"twitter:label1\" content=\"Yazan:\" \/>\n\t<meta name=\"twitter:data1\" content=\"admin\" \/>\n\t<meta name=\"twitter:label2\" content=\"Tahmini okuma s\u00fcresi\" \/>\n\t<meta name=\"twitter:data2\" content=\"2 dakika\" \/>\n<script type=\"application\/ld+json\" class=\"yoast-schema-graph\">{\"@context\":\"https:\/\/schema.org\",\"@graph\":[{\"@type\":\"Article\",\"@id\":\"https:\/\/www.sporplaza.com\/blog\/vertech-bisiklet-yorumlari\/#article\",\"isPartOf\":{\"@id\":\"https:\/\/www.sporplaza.com\/blog\/vertech-bisiklet-yorumlari\/\"},\"author\":{\"name\":\"admin\",\"@id\":\"https:\/\/www.sporplaza.com\/blog\/#\/schema\/person\/cd8a5e2d20301020b8b7ab3e20b0027e\"},\"headline\":\"Vertech Bisiklet Yorumlar\u0131\",\"datePublished\":\"2019-09-12T07:29:26+00:00\",\"dateModified\":\"2019-09-12T11:43:07+00:00\",\"mainEntityOfPage\":{\"@id\":\"https:\/\/www.sporplaza.com\/blog\/vertech-bisiklet-yorumlari\/\"},\"wordCount\":450,\"publisher\":{\"@id\":\"https:\/\/www.sporplaza.com\/blog\/#organization\"},\"image\":{\"@id\":\"https:\/\/www.sporplaza.com\/blog\/vertech-bisiklet-yorumlari\/#primaryimage\"},\"thumbnailUrl\":\"https:\/\/www.sporplaza.com\/blog\/wp-content\/uploads\/2019\/08\/vertech-proride-27-5-mtb-bisiklet-3.jpg\",\"keywords\":[\"vertech\"],\"articleSection\":[\"B\u0130S\u0130KLET\"],\"inLanguage\":\"tr\"},{\"@type\":\"WebPage\",\"@id\":\"https:\/\/www.sporplaza.com\/blog\/vertech-bisiklet-yorumlari\/\",\"url\":\"https:\/\/www.sporplaza.com\/blog\/vertech-bisiklet-yorumlari\/\",\"name\":\"Vertech Bisiklet Yorumlar\u0131 - Spor Plaza Bisiklet ve Spor \u00dcr\u00fcnleri\",\"isPartOf\":{\"@id\":\"https:\/\/www.sporplaza.com\/blog\/#website\"},\"primaryImageOfPage\":{\"@id\":\"https:\/\/www.sporplaza.com\/blog\/vertech-bisiklet-yorumlari\/#primaryimage\"},\"image\":{\"@id\":\"https:\/\/www.sporplaza.com\/blog\/vertech-bisiklet-yorumlari\/#primaryimage\"},\"thumbnailUrl\":\"https:\/\/www.sporplaza.com\/blog\/wp-content\/uploads\/2019\/08\/vertech-proride-27-5-mtb-bisiklet-3.jpg\",\"datePublished\":\"2019-09-12T07:29:26+00:00\",\"dateModified\":\"2019-09-12T11:43:07+00:00\",\"description\":\"Vertech bisiklet yorumlar\u0131 hakk\u0131nda yazm\u0131\u015f oldu\u011fumuz bu yaz\u0131m\u0131z\u0131 videolarla da zenginle\u015ftirerek bisiklet severlere bilgi vermeye \u00e7al\u0131\u015ft\u0131k\",\"breadcrumb\":{\"@id\":\"https:\/\/www.sporplaza.com\/blog\/vertech-bisiklet-yorumlari\/#breadcrumb\"},\"inLanguage\":\"tr\",\"potentialAction\":[{\"@type\":\"ReadAction\",\"target\":[\"https:\/\/www.sporplaza.com\/blog\/vertech-bisiklet-yorumlari\/\"]}]},{\"@type\":\"ImageObject\",\"inLanguage\":\"tr\",\"@id\":\"https:\/\/www.sporplaza.com\/blog\/vertech-bisiklet-yorumlari\/#primaryimage\",\"url\":\"https:\/\/www.sporplaza.com\/blog\/wp-content\/uploads\/2019\/08\/vertech-proride-27-5-mtb-bisiklet-3.jpg\",\"contentUrl\":\"https:\/\/www.sporplaza.com\/blog\/wp-content\/uploads\/2019\/08\/vertech-proride-27-5-mtb-bisiklet-3.jpg\",\"width\":1200,\"height\":1200},{\"@type\":\"BreadcrumbList\",\"@id\":\"https:\/\/www.sporplaza.com\/blog\/vertech-bisiklet-yorumlari\/#breadcrumb\",\"itemListElement\":[{\"@type\":\"ListItem\",\"position\":1,\"name\":\"Ana sayfa\",\"item\":\"https:\/\/www.sporplaza.com\/blog\/\"},{\"@type\":\"ListItem\",\"position\":2,\"name\":\"Vertech Bisiklet Yorumlar\u0131\"}]},{\"@type\":\"WebSite\",\"@id\":\"https:\/\/www.sporplaza.com\/blog\/#website\",\"url\":\"https:\/\/www.sporplaza.com\/blog\/\",\"name\":\"Spor Plaza Bisiklet ve Spor \u00dcr\u00fcnleri\",\"description\":\"Spora Dair Ne Varsa\",\"publisher\":{\"@id\":\"https:\/\/www.sporplaza.com\/blog\/#organization\"},\"potentialAction\":[{\"@type\":\"SearchAction\",\"target\":{\"@type\":\"EntryPoint\",\"urlTemplate\":\"https:\/\/www.sporplaza.com\/blog\/?s={search_term_string}\"},\"query-input\":{\"@type\":\"PropertyValueSpecification\",\"valueRequired\":true,\"valueName\":\"search_term_string\"}}],\"inLanguage\":\"tr\"},{\"@type\":\"Organization\",\"@id\":\"https:\/\/www.sporplaza.com\/blog\/#organization\",\"name\":\"Spor Plaza Bisiklet ve Spor \u00dcr\u00fcnleri\",\"url\":\"https:\/\/www.sporplaza.com\/blog\/\",\"logo\":{\"@type\":\"ImageObject\",\"inLanguage\":\"tr\",\"@id\":\"https:\/\/www.sporplaza.com\/blog\/#\/schema\/logo\/image\/\",\"url\":\"https:\/\/www.sporplaza.com\/blog\/wp-content\/uploads\/2019\/09\/cropped-logo-kucuk.jpg\",\"contentUrl\":\"https:\/\/www.sporplaza.com\/blog\/wp-content\/uploads\/2019\/09\/cropped-logo-kucuk.jpg\",\"width\":446,\"height\":90,\"caption\":\"Spor Plaza Bisiklet ve Spor \u00dcr\u00fcnleri\"},\"image\":{\"@id\":\"https:\/\/www.sporplaza.com\/blog\/#\/schema\/logo\/image\/\"}},{\"@type\":\"Person\",\"@id\":\"https:\/\/www.sporplaza.com\/blog\/#\/schema\/person\/cd8a5e2d20301020b8b7ab3e20b0027e\",\"name\":\"admin\",\"image\":{\"@type\":\"ImageObject\",\"inLanguage\":\"tr\",\"@id\":\"https:\/\/www.sporplaza.com\/blog\/#\/schema\/person\/image\/\",\"url\":\"https:\/\/secure.gravatar.com\/avatar\/0f20071ca65e6497956bbb8202eec1a0?s=96&d=mm&r=g\",\"contentUrl\":\"https:\/\/secure.gravatar.com\/avatar\/0f20071ca65e6497956bbb8202eec1a0?s=96&d=mm&r=g\",\"caption\":\"admin\"},\"url\":\"https:\/\/www.sporplaza.com\/blog\/author\/admin\/\"}]}<\/script>\n<!-- \/ Yoast SEO plugin. -->","yoast_head_json":{"title":"Vertech Bisiklet Yorumlar\u0131 - Spor Plaza Bisiklet ve Spor \u00dcr\u00fcnleri","description":"Vertech bisiklet yorumlar\u0131 hakk\u0131nda yazm\u0131\u015f oldu\u011fumuz bu yaz\u0131m\u0131z\u0131 videolarla da zenginle\u015ftirerek bisiklet severlere bilgi vermeye \u00e7al\u0131\u015ft\u0131k","robots":{"index":"index","follow":"follow","max-snippet":"max-snippet:-1","max-image-preview":"max-image-preview:large","max-video-preview":"max-video-preview:-1"},"canonical":"https:\/\/www.sporplaza.com\/blog\/vertech-bisiklet-yorumlari\/","og_locale":"tr_TR","og_type":"article","og_title":"Vertech Bisiklet Yorumlar\u0131 - Spor Plaza Bisiklet ve Spor \u00dcr\u00fcnleri","og_description":"Vertech bisiklet yorumlar\u0131 hakk\u0131nda yazm\u0131\u015f oldu\u011fumuz bu yaz\u0131m\u0131z\u0131 videolarla da zenginle\u015ftirerek bisiklet severlere bilgi vermeye \u00e7al\u0131\u015ft\u0131k","og_url":"https:\/\/www.sporplaza.com\/blog\/vertech-bisiklet-yorumlari\/","og_site_name":"Spor Plaza Bisiklet ve Spor \u00dcr\u00fcnleri","article_published_time":"2019-09-12T07:29:26+00:00","article_modified_time":"2019-09-12T11:43:07+00:00","og_image":[{"width":1200,"height":1200,"url":"https:\/\/www.sporplaza.com\/blog\/wp-content\/uploads\/2019\/08\/vertech-proride-27-5-mtb-bisiklet-3.jpg","type":"image\/jpeg"}],"author":"admin","twitter_card":"summary_large_image","twitter_misc":{"Yazan:":"admin","Tahmini okuma s\u00fcresi":"2 dakika"},"schema":{"@context":"https:\/\/schema.org","@graph":[{"@type":"Article","@id":"https:\/\/www.sporplaza.com\/blog\/vertech-bisiklet-yorumlari\/#article","isPartOf":{"@id":"https:\/\/www.sporplaza.com\/blog\/vertech-bisiklet-yorumlari\/"},"author":{"name":"admin","@id":"https:\/\/www.sporplaza.com\/blog\/#\/schema\/person\/cd8a5e2d20301020b8b7ab3e20b0027e"},"headline":"Vertech Bisiklet Yorumlar\u0131","datePublished":"2019-09-12T07:29:26+00:00","dateModified":"2019-09-12T11:43:07+00:00","mainEntityOfPage":{"@id":"https:\/\/www.sporplaza.com\/blog\/vertech-bisiklet-yorumlari\/"},"wordCount":450,"publisher":{"@id":"https:\/\/www.sporplaza.com\/blog\/#organization"},"image":{"@id":"https:\/\/www.sporplaza.com\/blog\/vertech-bisiklet-yorumlari\/#primaryimage"},"thumbnailUrl":"https:\/\/www.sporplaza.com\/blog\/wp-content\/uploads\/2019\/08\/vertech-proride-27-5-mtb-bisiklet-3.jpg","keywords":["vertech"],"articleSection":["B\u0130S\u0130KLET"],"inLanguage":"tr"},{"@type":"WebPage","@id":"https:\/\/www.sporplaza.com\/blog\/vertech-bisiklet-yorumlari\/","url":"https:\/\/www.sporplaza.com\/blog\/vertech-bisiklet-yorumlari\/","name":"Vertech Bisiklet Yorumlar\u0131 - Spor Plaza Bisiklet ve Spor \u00dcr\u00fcnleri","isPartOf":{"@id":"https:\/\/www.sporplaza.com\/blog\/#website"},"primaryImageOfPage":{"@id":"https:\/\/www.sporplaza.com\/blog\/vertech-bisiklet-yorumlari\/#primaryimage"},"image":{"@id":"https:\/\/www.sporplaza.com\/blog\/vertech-bisiklet-yorumlari\/#primaryimage"},"thumbnailUrl":"https:\/\/www.sporplaza.com\/blog\/wp-content\/uploads\/2019\/08\/vertech-proride-27-5-mtb-bisiklet-3.jpg","datePublished":"2019-09-12T07:29:26+00:00","dateModified":"2019-09-12T11:43:07+00:00","description":"Vertech bisiklet yorumlar\u0131 hakk\u0131nda yazm\u0131\u015f oldu\u011fumuz bu yaz\u0131m\u0131z\u0131 videolarla da zenginle\u015ftirerek bisiklet severlere bilgi vermeye \u00e7al\u0131\u015ft\u0131k","breadcrumb":{"@id":"https:\/\/www.sporplaza.com\/blog\/vertech-bisiklet-yorumlari\/#breadcrumb"},"inLanguage":"tr","potentialAction":[{"@type":"ReadAction","target":["https:\/\/www.sporplaza.com\/blog\/vertech-bisiklet-yorumlari\/"]}]},{"@type":"ImageObject","inLanguage":"tr","@id":"https:\/\/www.sporplaza.com\/blog\/vertech-bisiklet-yorumlari\/#primaryimage","url":"https:\/\/www.sporplaza.com\/blog\/wp-content\/uploads\/2019\/08\/vertech-proride-27-5-mtb-bisiklet-3.jpg","contentUrl":"https:\/\/www.sporplaza.com\/blog\/wp-content\/uploads\/2019\/08\/vertech-proride-27-5-mtb-bisiklet-3.jpg","width":1200,"height":1200},{"@type":"BreadcrumbList","@id":"https:\/\/www.sporplaza.com\/blog\/vertech-bisiklet-yorumlari\/#breadcrumb","itemListElement":[{"@type":"ListItem","position":1,"name":"Ana sayfa","item":"https:\/\/www.sporplaza.com\/blog\/"},{"@type":"ListItem","position":2,"name":"Vertech Bisiklet Yorumlar\u0131"}]},{"@type":"WebSite","@id":"https:\/\/www.sporplaza.com\/blog\/#website","url":"https:\/\/www.sporplaza.com\/blog\/","name":"Spor Plaza Bisiklet ve Spor \u00dcr\u00fcnleri","description":"Spora Dair Ne Varsa","publisher":{"@id":"https:\/\/www.sporplaza.com\/blog\/#organization"},"potentialAction":[{"@type":"SearchAction","target":{"@type":"EntryPoint","urlTemplate":"https:\/\/www.sporplaza.com\/blog\/?s={search_term_string}"},"query-input":{"@type":"PropertyValueSpecification","valueRequired":true,"valueName":"search_term_string"}}],"inLanguage":"tr"},{"@type":"Organization","@id":"https:\/\/www.sporplaza.com\/blog\/#organization","name":"Spor Plaza Bisiklet ve Spor \u00dcr\u00fcnleri","url":"https:\/\/www.sporplaza.com\/blog\/","logo":{"@type":"ImageObject","inLanguage":"tr","@id":"https:\/\/www.sporplaza.com\/blog\/#\/schema\/logo\/image\/","url":"https:\/\/www.sporplaza.com\/blog\/wp-content\/uploads\/2019\/09\/cropped-logo-kucuk.jpg","contentUrl":"https:\/\/www.sporplaza.com\/blog\/wp-content\/uploads\/2019\/09\/cropped-logo-kucuk.jpg","width":446,"height":90,"caption":"Spor Plaza Bisiklet ve Spor \u00dcr\u00fcnleri"},"image":{"@id":"https:\/\/www.sporplaza.com\/blog\/#\/schema\/logo\/image\/"}},{"@type":"Person","@id":"https:\/\/www.sporplaza.com\/blog\/#\/schema\/person\/cd8a5e2d20301020b8b7ab3e20b0027e","name":"admin","image":{"@type":"ImageObject","inLanguage":"tr","@id":"https:\/\/www.sporplaza.com\/blog\/#\/schema\/person\/image\/","url":"https:\/\/secure.gravatar.com\/avatar\/0f20071ca65e6497956bbb8202eec1a0?s=96&d=mm&r=g","contentUrl":"https:\/\/secure.gravatar.com\/avatar\/0f20071ca65e6497956bbb8202eec1a0?s=96&d=mm&r=g","caption":"admin"},"url":"https:\/\/www.sporplaza.com\/blog\/author\/admin\/"}]}},"_links":{"self":[{"href":"https:\/\/www.sporplaza.com\/blog\/wp-json\/wp\/v2\/posts\/224"}],"collection":[{"href":"https:\/\/www.sporplaza.com\/blog\/wp-json\/wp\/v2\/posts"}],"about":[{"href":"https:\/\/www.sporplaza.com\/blog\/wp-json\/wp\/v2\/types\/post"}],"author":[{"embeddable":true,"href":"https:\/\/www.sporplaza.com\/blog\/wp-json\/wp\/v2\/users\/1"}],"replies":[{"embeddable":true,"href":"https:\/\/www.sporplaza.com\/blog\/wp-json\/wp\/v2\/comments?post=224"}],"version-history":[{"count":1,"href":"https:\/\/www.sporplaza.com\/blog\/wp-json\/wp\/v2\/posts\/224\/revisions"}],"predecessor-version":[{"id":227,"href":"https:\/\/www.sporplaza.com\/blog\/wp-json\/wp\/v2\/posts\/224\/revisions\/227"}],"wp:featuredmedia":[{"embeddable":true,"href":"https:\/\/www.sporplaza.com\/blog\/wp-json\/wp\/v2\/media\/177"}],"wp:attachment":[{"href":"https:\/\/www.sporplaza.com\/blog\/wp-json\/wp\/v2\/media?parent=224"}],"wp:term":[{"taxonomy":"category","embeddable":true,"href":"https:\/\/www.sporplaza.com\/blog\/wp-json\/wp\/v2\/categories?post=224"},{"taxonomy":"post_tag","embeddable":true,"href":"https:\/\/www.sporplaza.com\/blog\/wp-json\/wp\/v2\/tags?post=224"}],"curies":[{"name":"wp","href":"https:\/\/api.w.org\/{rel}","templated":true}]}}