{"id":240,"date":"2019-09-05T13:44:21","date_gmt":"2019-09-05T10:44:21","guid":{"rendered":"https:\/\/www.sporplaza.com\/blog\/?p=240"},"modified":"2020-02-23T15:19:57","modified_gmt":"2020-02-23T12:19:57","slug":"2020-model-corelli-bisikletler","status":"publish","type":"post","link":"https:\/\/www.sporplaza.com\/blog\/2020-model-corelli-bisikletler\/","title":{"rendered":"2020 Model Corelli Bisikletler"},"content":{"rendered":"\n<p>2020 model Corelli Bisikletler herkes taraf\u0131ndan merak ile bekleniyor. \u015eu an 2019 y\u0131l\u0131n\u0131n Eyl\u00fcl ay\u0131nday\u0131z bug\u00fcnlerde Almanya da Eurobike Bisiklet Fuar\u0131 devam ediyor. T\u00fcrkiye den de Corelli ve Bisan gibi firmalar\u0131n fuarda standlar\u0131 mevcut. <\/p>\n\n\n\n<figure class=\"wp-block-image\"><img loading=\"lazy\" decoding=\"async\" width=\"1024\" height=\"342\" src=\"https:\/\/www.sporplaza.com\/blog\/wp-content\/uploads\/2019\/09\/2019-model-corelli-bisikletler-1024x342.jpg\" alt=\"2019 Model Corelli Bisikletler\" class=\"wp-image-241\" srcset=\"https:\/\/www.sporplaza.com\/blog\/wp-content\/uploads\/2019\/09\/2019-model-corelli-bisikletler-1024x342.jpg 1024w, https:\/\/www.sporplaza.com\/blog\/wp-content\/uploads\/2019\/09\/2019-model-corelli-bisikletler-300x100.jpg 300w, https:\/\/www.sporplaza.com\/blog\/wp-content\/uploads\/2019\/09\/2019-model-corelli-bisikletler-768x257.jpg 768w\" sizes=\"(max-width: 1024px) 100vw, 1024px\" \/><figcaption>2019 Model Corelli Bisikletler<\/figcaption><\/figure>\n\n\n\n<p>2020 modelleri \u015fu an i\u00e7in ne kadar web sitesi ve bayilerde sergilenmiyor olsa da fuardaki foto\u011fraflardan bir tak\u0131m \u00e7\u0131kar\u0131mlar yapmak m\u00fcmk\u00fcn g\u00f6z\u00fck\u00fcyor. <\/p>\n\n\n\n<p>Fuar\u0131n 2019 sonuna denk gelmesi sebebiyle firmalarda genelde 2020 i\u00e7in haz\u0131r olan modellerini buralarda sergiliyorlar.  Biz de Corelli bisiklet sosyal medya hesaplar\u0131ndan ve sat\u0131\u015f stratejilerinden yola \u00e7\u0131karak 2020 model Corelli Bisikletler hakk\u0131nda yorumlar yapaca\u011f\u0131z. 2020 modeller \u00fclkemizde de sergilenmeye ba\u015flad\u0131\u011f\u0131nda da bu yaz\u0131m\u0131z\u0131 g\u00fcncelleyerek size en do\u011fru bilgiyi ula\u015ft\u0131rmaya gayret edece\u011fiz.<\/p>\n\n\n\n<h2 class=\"wp-block-heading\">Eurobike Fuar\u0131nda Hangi Modeller G\u00f6z\u00fck\u00fcyor<\/h2>\n\n\n\n<h3 class=\"wp-block-heading\">Corelli  Gravel Bisiklet<\/h3>\n\n\n\n<p>Gravel bisiklet 2019 y\u0131l\u0131nda en \u00e7ok talep g\u00f6ren bisikletlerinden oldu. Bir \u00e7ok marka gravel modellerle g\u00f6z doldururken Corelli Bisiklette b\u00f6yle bir \u00fcr\u00fcn 2019 portf\u00f6y\u00fcnde g\u00f6remedik. Eurobike dan payla\u015ft\u0131klar\u0131 foto\u011fraflarda g\u00f6rd\u00fc\u011f\u00fcm\u00fcz kadar\u0131yla Gravel yada CycloCross modeline Corelli de 2020 de giri\u015f yap\u0131yor. Dikkat \u00e7eken ise bisiklette 700&#215;28 yada 700&#215;32 gibi bir lastik yerine Schwalbe Smart Sam salt arazi lasti\u011finin kullan\u0131lm\u0131\u015f olmas\u0131. Foto\u011fraf \u00e7ok net olmasa da bisikletin \u00fczerinde Shimano Claris Yol bisikleti komponenti kullan\u0131ld\u0131\u011f\u0131n\u0131 tahmin ediyoruz. 2020 Lansman\u0131nda \u00fcr\u00fcnleri daha detayl\u0131 inceleme \u015fans\u0131m\u0131z olacak. Geometri olarak bu model daha \u00f6nceki bisikletlere hi\u00e7 benzemiyor. Anla\u015f\u0131ld\u0131\u011f\u0131 kadar\u0131yla bu model i\u00e7in \u00f6zel olarak geli\u015ftirilmi\u015f bir kadro geometrisi kullan\u0131lm\u0131\u015f.<\/p>\n\n\n\n<figure class=\"wp-block-image\"><img loading=\"lazy\" decoding=\"async\" width=\"747\" height=\"749\" src=\"https:\/\/www.sporplaza.com\/blog\/wp-content\/uploads\/2019\/09\/corelli-gravel-bisiklet.jpg\" alt=\"\" class=\"wp-image-242\" srcset=\"https:\/\/www.sporplaza.com\/blog\/wp-content\/uploads\/2019\/09\/corelli-gravel-bisiklet.jpg 747w, https:\/\/www.sporplaza.com\/blog\/wp-content\/uploads\/2019\/09\/corelli-gravel-bisiklet-150x150.jpg 150w, https:\/\/www.sporplaza.com\/blog\/wp-content\/uploads\/2019\/09\/corelli-gravel-bisiklet-300x300.jpg 300w\" sizes=\"(max-width: 747px) 100vw, 747px\" \/><figcaption>Corelli Gravel Bisiklet<\/figcaption><\/figure>\n\n\n\n<h3 class=\"wp-block-heading\">Corelli Flat Bar Yol Bisikleti<\/h3>\n\n\n\n<p>Eurobike fuar\u0131nda g\u00f6ze \u00e7arpan modellerden bir tanesi de flat bar gidona sahip yol bisikleti.  Kadro \u00fczerinden anlad\u0131\u011f\u0131m\u0131z kadar\u0131yla bu model <strong>Corelli Fit<\/strong> ismi ile kullan\u0131c\u0131lara sunulacak. Performans\u0131 sebebiyle herkes yol bisikleti istese de yar\u0131\u015f gidonu herkes i\u00e7in uygun olmayabiliyor. Bu tip kullan\u0131c\u0131lar i\u00e7in bu modelde olduk\u00e7a mant\u0131kl\u0131 g\u00f6z\u00fck\u00fcyor. Kadro geometrisi olarak Corelli Sprint serisi yol bisikletleri ile ayn\u0131 yap\u0131 kullan\u0131lm\u0131\u015f gibi g\u00f6z\u00fck\u00fcyor. Bu bisikleti de 2020 bayi lansman\u0131nda tecr\u00fcbe ettikten sonra fikirlerimizi sizinle payla\u015faca\u011f\u0131z. Yine bu bisikletimizde de Claris set g\u00f6zlemliyoruz.<\/p>\n\n\n\n<figure class=\"wp-block-image\"><img loading=\"lazy\" decoding=\"async\" width=\"749\" height=\"755\" src=\"https:\/\/www.sporplaza.com\/blog\/wp-content\/uploads\/2019\/09\/corelli-fit-flatbar-yol-bisikleti.jpg\" alt=\"\" class=\"wp-image-243\" srcset=\"https:\/\/www.sporplaza.com\/blog\/wp-content\/uploads\/2019\/09\/corelli-fit-flatbar-yol-bisikleti.jpg 749w, https:\/\/www.sporplaza.com\/blog\/wp-content\/uploads\/2019\/09\/corelli-fit-flatbar-yol-bisikleti-150x150.jpg 150w, https:\/\/www.sporplaza.com\/blog\/wp-content\/uploads\/2019\/09\/corelli-fit-flatbar-yol-bisikleti-298x300.jpg 298w\" sizes=\"(max-width: 749px) 100vw, 749px\" \/><figcaption>Corelli Fit Flatbar Yol Bisikleti<\/figcaption><\/figure>\n\n\n\n<p>Corelli Fit modelinin hemen arkas\u0131nda yer alan elektrikli da\u011f bisikleti d\u00fcnyada oldu\u011fu gibi \u00fclkemizde de elektrikli bisikletlerin \u00f6n\u00fcm\u00fczdeki y\u0131llarda yollarda ve da\u011flarda yer alaca\u011f\u0131n\u0131 g\u00f6steriyor.<\/p>\n\n\n\n<h3 class=\"wp-block-heading\">2020 Model Elektrik Destekli Katlan\u0131r Bisiklet<\/h3>\n\n\n\n<p>Fuar payla\u015f\u0131mlar\u0131ndan dikkat \u00e7eken bir di\u011fer model ise katlan\u0131r elektrik destekli bisiklet. Ula\u015f\u0131m ama\u00e7l\u0131 \u00e7ok tercih edilen katlan\u0131r bisiklet ve elektrik destekli bisikletin bir araya geldi\u011fi bu konsept i\u00e7 piyasa da sat\u0131\u015fa sunulacak m\u0131 bilinmez ama olduk\u00e7a ilgi \u00e7ekici oldu\u011fu kesin. Bu modelde nexus vites seti ve \u00f6n tekerden elektrik deste\u011fi oldu\u011funu g\u00f6zlemleyebiliyoruz.<\/p>\n\n\n\n<figure class=\"wp-block-image\"><img loading=\"lazy\" decoding=\"async\" width=\"750\" height=\"749\" src=\"https:\/\/www.sporplaza.com\/blog\/wp-content\/uploads\/2019\/09\/corelli-katlanir-elektrikli-bisiklet.jpg\" alt=\"\" class=\"wp-image-244\" srcset=\"https:\/\/www.sporplaza.com\/blog\/wp-content\/uploads\/2019\/09\/corelli-katlanir-elektrikli-bisiklet.jpg 750w, https:\/\/www.sporplaza.com\/blog\/wp-content\/uploads\/2019\/09\/corelli-katlanir-elektrikli-bisiklet-150x150.jpg 150w, https:\/\/www.sporplaza.com\/blog\/wp-content\/uploads\/2019\/09\/corelli-katlanir-elektrikli-bisiklet-300x300.jpg 300w\" sizes=\"(max-width: 750px) 100vw, 750px\" \/><figcaption>Corelli Elektrik Destekli Karlan\u0131r Bisiklet<\/figcaption><\/figure>\n\n\n\n<h2 class=\"wp-block-heading\">2020 Model Corelli Bisiklette En \u00c7ok Dikkat \u00c7eken Modeller<\/h2>\n\n\n\n<h3 class=\"wp-block-heading\">Corelli Fit Bike<\/h3>\n\n\n\n<p>Fit Bike modelleri 1.0 ve 2.0 olarak iki farkl\u0131 modelde piyasaya s\u00fcr\u00fcl\u00fcyor. Genel olarak Fitbike 1.0 Tourney Fitbike 2.0 ise Claris donan\u0131ma sahip. Fitbike modelleri 2 farkl\u0131 tasar\u0131mla sunuluyor. Tasar\u0131m\u0131n bir tanesinde bej renk hakimken di\u011fer tasar\u0131m ise f\u00fcme renk olarak \u00e7al\u0131\u015f\u0131lm\u0131\u015f.<\/p>\n\n\n\n<p>Fitbike modellerinin kadro boylar\u0131 45, 48, 52, 54 ve 57 cm olarak \u00fcretilmi\u015f durumda durum b\u00f6yle olunca her boydan kullan\u0131c\u0131 i\u00e7in kullan\u0131ma uygun bir model ortaya \u00e7\u0131km\u0131\u015f diyebiliriz. 700x25c ebat\u0131ndaki lastikler asfalt kullan\u0131m\u0131 i\u00e7in olduk\u00e7a uygun.  Her iki modelde de \u00e7ift katl\u0131 doublewall jant \u00e7emberleri kullan\u0131l\u0131rken Jant g\u00f6bekleri ucuz olan 1.0 modelinden seri d\u0131\u015f\u0131 kullan\u0131lm\u0131\u015f Fitbike 2.0 modelinde ise SHIMANO HBRS 300 QR 32H kullan\u0131lm\u0131\u015ft\u0131r. Fren olarak her iki modelde de promax kullan\u0131ld\u0131\u011f\u0131 g\u00f6r\u00fcl\u00fcyor. <\/p>\n\n\n\n<p>T\u00fcm bu detaylarla birlikte Fitbike 1.0 11,5 kg Fitbike 2.0 ise 10,80 kg a\u011f\u0131rl\u0131ktad\u0131r.<\/p>\n\n\n\n<h3 class=\"wp-block-heading\">Corelli Goat Gravel Bisiklet<\/h3>\n\n\n\n<p>Corelli Goat gravel bisiklet iki farkl\u0131 donan\u0131mda piyasaya s\u00fcr\u00fclm\u00fc\u015f, kadro geometrisi gidon yap\u0131s\u0131 ile tam bir gravel olarak tasarlanm\u0131\u015ft\u0131r. Gravel \u00fcr\u00fcnlerin yeni tan\u0131nmaya ba\u015flad\u0131\u011f\u0131 d\u00f6nemde geometri olarak ve gidon olarak gravele uygun olmayan biisiklet gravel ad\u0131 alt\u0131nda piyasaya s\u00fcr\u00fclm\u00fc\u015f olsa da gravel yap\u0131s\u0131 da art\u0131k \u00fclkemizde tan\u0131\u0131nmaya ba\u015flam\u0131\u015ft\u0131r. Corelli de bu trende uyum sa\u011flayarak bu iki model ile gravel pazar\u0131na giri\u015f yapm\u0131\u015ft\u0131r.<\/p>\n\n\n\n<figure class=\"wp-block-image size-large\"><img loading=\"lazy\" decoding=\"async\" width=\"1024\" height=\"731\" src=\"https:\/\/www.sporplaza.com\/blog\/wp-content\/uploads\/2020\/02\/goat-20-bb9f1-1024x731.jpg\" alt=\"Corelli Goat Gravel Bisiklet\" class=\"wp-image-399\" srcset=\"https:\/\/www.sporplaza.com\/blog\/wp-content\/uploads\/2020\/02\/goat-20-bb9f1-1024x731.jpg 1024w, https:\/\/www.sporplaza.com\/blog\/wp-content\/uploads\/2020\/02\/goat-20-bb9f1-300x214.jpg 300w, https:\/\/www.sporplaza.com\/blog\/wp-content\/uploads\/2020\/02\/goat-20-bb9f1-768x548.jpg 768w, https:\/\/www.sporplaza.com\/blog\/wp-content\/uploads\/2020\/02\/goat-20-bb9f1.jpg 1400w\" sizes=\"(max-width: 1024px) 100vw, 1024px\" \/><figcaption>Corelli Goat 2.0<\/figcaption><\/figure>\n\n\n<p><br \/><!--StartFragment--><\/p>\n\n\n<p>Bisiklet ile ilgili di\u011fer yaz\u0131lar\u0131m\u0131z i\u00e7in <a href=\"https:\/\/www.sporplaza.com\/blog\/category\/bisiklet\/\">https:\/\/www.sporplaza.com\/blog\/category\/bisiklet\/<\/a> kategorisini takip edebilirsiniz.<\/p>\n\n\n\n<p>2020 Model Corelli Bisikletler hakk\u0131nda \u015fimdilik s\u00f6yleyeceklerimiz bu kadar. Bu sayfay\u0131 elimize bilgi ula\u015ft\u0131k\u00e7a g\u00fcncellemeye devam edece\u011fiz.<\/p>\n\n\n<p><!--EndFragment--><br \/><br \/><\/p>","protected":false},"excerpt":{"rendered":"<p>2020 model Corelli Bisikletler herkes taraf\u0131ndan merak ile bekleniyor. \u015eu an 2019 y\u0131l\u0131n\u0131n Eyl\u00fcl ay\u0131nday\u0131z bug\u00fcnlerde Almanya da Eurobike Bisiklet<\/p>\n","protected":false},"author":1,"featured_media":245,"comment_status":"open","ping_status":"open","sticky":false,"template":"","format":"standard","meta":{"footnotes":""},"categories":[56],"tags":[11,62],"class_list":["post-240","post","type-post","status-publish","format-standard","has-post-thumbnail","hentry","category-bisiklet","tag-bisiklet","tag-corelli"],"yoast_head":"<!-- This site is optimized with the Yoast SEO plugin v23.9 - https:\/\/yoast.com\/wordpress\/plugins\/seo\/ -->\n<title>2020 Model Corelli Bisikletler - Spor Plaza Bisiklet ve Spor \u00dcr\u00fcnleri<\/title>\n<meta name=\"description\" content=\"2020 Model Corelli Bisikletler ile ilgili g\u00f6rsel payla\u015f\u0131m ve \u00f6ng\u00f6r\u00fclerin bulundu\u011fu bu sayfa zaman i\u00e7erisinde g\u00fcncellenerek bisiklet severlere sunulacak\" \/>\n<meta name=\"robots\" content=\"index, follow, max-snippet:-1, max-image-preview:large, max-video-preview:-1\" \/>\n<link rel=\"canonical\" href=\"https:\/\/www.sporplaza.com\/blog\/2020-model-corelli-bisikletler\/\" \/>\n<meta property=\"og:locale\" content=\"tr_TR\" \/>\n<meta property=\"og:type\" content=\"article\" \/>\n<meta property=\"og:title\" content=\"2020 Model Corelli Bisikletler - Spor Plaza Bisiklet ve Spor \u00dcr\u00fcnleri\" \/>\n<meta property=\"og:description\" content=\"2020 Model Corelli Bisikletler ile ilgili g\u00f6rsel payla\u015f\u0131m ve \u00f6ng\u00f6r\u00fclerin bulundu\u011fu bu sayfa zaman i\u00e7erisinde g\u00fcncellenerek bisiklet severlere sunulacak\" \/>\n<meta property=\"og:url\" content=\"https:\/\/www.sporplaza.com\/blog\/2020-model-corelli-bisikletler\/\" \/>\n<meta property=\"og:site_name\" content=\"Spor Plaza Bisiklet ve Spor \u00dcr\u00fcnleri\" \/>\n<meta property=\"article:published_time\" content=\"2019-09-05T10:44:21+00:00\" \/>\n<meta property=\"article:modified_time\" content=\"2020-02-23T12:19:57+00:00\" \/>\n<meta property=\"og:image\" content=\"https:\/\/www.sporplaza.com\/blog\/wp-content\/uploads\/2019\/09\/D0UVT0Za_400x4001.jpg\" \/>\n\t<meta property=\"og:image:width\" content=\"400\" \/>\n\t<meta property=\"og:image:height\" content=\"400\" \/>\n\t<meta property=\"og:image:type\" content=\"image\/jpeg\" \/>\n<meta name=\"author\" content=\"admin\" \/>\n<meta name=\"twitter:card\" content=\"summary_large_image\" \/>\n<meta name=\"twitter:label1\" content=\"Yazan:\" \/>\n\t<meta name=\"twitter:data1\" content=\"admin\" \/>\n\t<meta name=\"twitter:label2\" content=\"Tahmini okuma s\u00fcresi\" \/>\n\t<meta name=\"twitter:data2\" content=\"4 dakika\" \/>\n<script type=\"application\/ld+json\" class=\"yoast-schema-graph\">{\"@context\":\"https:\/\/schema.org\",\"@graph\":[{\"@type\":\"Article\",\"@id\":\"https:\/\/www.sporplaza.com\/blog\/2020-model-corelli-bisikletler\/#article\",\"isPartOf\":{\"@id\":\"https:\/\/www.sporplaza.com\/blog\/2020-model-corelli-bisikletler\/\"},\"author\":{\"name\":\"admin\",\"@id\":\"https:\/\/www.sporplaza.com\/blog\/#\/schema\/person\/cd8a5e2d20301020b8b7ab3e20b0027e\"},\"headline\":\"2020 Model Corelli Bisikletler\",\"datePublished\":\"2019-09-05T10:44:21+00:00\",\"dateModified\":\"2020-02-23T12:19:57+00:00\",\"mainEntityOfPage\":{\"@id\":\"https:\/\/www.sporplaza.com\/blog\/2020-model-corelli-bisikletler\/\"},\"wordCount\":808,\"commentCount\":1,\"publisher\":{\"@id\":\"https:\/\/www.sporplaza.com\/blog\/#organization\"},\"image\":{\"@id\":\"https:\/\/www.sporplaza.com\/blog\/2020-model-corelli-bisikletler\/#primaryimage\"},\"thumbnailUrl\":\"https:\/\/www.sporplaza.com\/blog\/wp-content\/uploads\/2019\/09\/D0UVT0Za_400x4001.jpg\",\"keywords\":[\"bisiklet\",\"corelli\"],\"articleSection\":[\"B\u0130S\u0130KLET\"],\"inLanguage\":\"tr\",\"potentialAction\":[{\"@type\":\"CommentAction\",\"name\":\"Comment\",\"target\":[\"https:\/\/www.sporplaza.com\/blog\/2020-model-corelli-bisikletler\/#respond\"]}]},{\"@type\":\"WebPage\",\"@id\":\"https:\/\/www.sporplaza.com\/blog\/2020-model-corelli-bisikletler\/\",\"url\":\"https:\/\/www.sporplaza.com\/blog\/2020-model-corelli-bisikletler\/\",\"name\":\"2020 Model Corelli Bisikletler - Spor Plaza Bisiklet ve Spor \u00dcr\u00fcnleri\",\"isPartOf\":{\"@id\":\"https:\/\/www.sporplaza.com\/blog\/#website\"},\"primaryImageOfPage\":{\"@id\":\"https:\/\/www.sporplaza.com\/blog\/2020-model-corelli-bisikletler\/#primaryimage\"},\"image\":{\"@id\":\"https:\/\/www.sporplaza.com\/blog\/2020-model-corelli-bisikletler\/#primaryimage\"},\"thumbnailUrl\":\"https:\/\/www.sporplaza.com\/blog\/wp-content\/uploads\/2019\/09\/D0UVT0Za_400x4001.jpg\",\"datePublished\":\"2019-09-05T10:44:21+00:00\",\"dateModified\":\"2020-02-23T12:19:57+00:00\",\"description\":\"2020 Model Corelli Bisikletler ile ilgili g\u00f6rsel payla\u015f\u0131m ve \u00f6ng\u00f6r\u00fclerin bulundu\u011fu bu sayfa zaman i\u00e7erisinde g\u00fcncellenerek bisiklet severlere sunulacak\",\"breadcrumb\":{\"@id\":\"https:\/\/www.sporplaza.com\/blog\/2020-model-corelli-bisikletler\/#breadcrumb\"},\"inLanguage\":\"tr\",\"potentialAction\":[{\"@type\":\"ReadAction\",\"target\":[\"https:\/\/www.sporplaza.com\/blog\/2020-model-corelli-bisikletler\/\"]}]},{\"@type\":\"ImageObject\",\"inLanguage\":\"tr\",\"@id\":\"https:\/\/www.sporplaza.com\/blog\/2020-model-corelli-bisikletler\/#primaryimage\",\"url\":\"https:\/\/www.sporplaza.com\/blog\/wp-content\/uploads\/2019\/09\/D0UVT0Za_400x4001.jpg\",\"contentUrl\":\"https:\/\/www.sporplaza.com\/blog\/wp-content\/uploads\/2019\/09\/D0UVT0Za_400x4001.jpg\",\"width\":400,\"height\":400},{\"@type\":\"BreadcrumbList\",\"@id\":\"https:\/\/www.sporplaza.com\/blog\/2020-model-corelli-bisikletler\/#breadcrumb\",\"itemListElement\":[{\"@type\":\"ListItem\",\"position\":1,\"name\":\"Ana sayfa\",\"item\":\"https:\/\/www.sporplaza.com\/blog\/\"},{\"@type\":\"ListItem\",\"position\":2,\"name\":\"2020 Model Corelli Bisikletler\"}]},{\"@type\":\"WebSite\",\"@id\":\"https:\/\/www.sporplaza.com\/blog\/#website\",\"url\":\"https:\/\/www.sporplaza.com\/blog\/\",\"name\":\"Spor Plaza Bisiklet ve Spor \u00dcr\u00fcnleri\",\"description\":\"Spora Dair Ne Varsa\",\"publisher\":{\"@id\":\"https:\/\/www.sporplaza.com\/blog\/#organization\"},\"potentialAction\":[{\"@type\":\"SearchAction\",\"target\":{\"@type\":\"EntryPoint\",\"urlTemplate\":\"https:\/\/www.sporplaza.com\/blog\/?s={search_term_string}\"},\"query-input\":{\"@type\":\"PropertyValueSpecification\",\"valueRequired\":true,\"valueName\":\"search_term_string\"}}],\"inLanguage\":\"tr\"},{\"@type\":\"Organization\",\"@id\":\"https:\/\/www.sporplaza.com\/blog\/#organization\",\"name\":\"Spor Plaza Bisiklet ve Spor \u00dcr\u00fcnleri\",\"url\":\"https:\/\/www.sporplaza.com\/blog\/\",\"logo\":{\"@type\":\"ImageObject\",\"inLanguage\":\"tr\",\"@id\":\"https:\/\/www.sporplaza.com\/blog\/#\/schema\/logo\/image\/\",\"url\":\"https:\/\/www.sporplaza.com\/blog\/wp-content\/uploads\/2019\/09\/cropped-logo-kucuk.jpg\",\"contentUrl\":\"https:\/\/www.sporplaza.com\/blog\/wp-content\/uploads\/2019\/09\/cropped-logo-kucuk.jpg\",\"width\":446,\"height\":90,\"caption\":\"Spor Plaza Bisiklet ve Spor \u00dcr\u00fcnleri\"},\"image\":{\"@id\":\"https:\/\/www.sporplaza.com\/blog\/#\/schema\/logo\/image\/\"}},{\"@type\":\"Person\",\"@id\":\"https:\/\/www.sporplaza.com\/blog\/#\/schema\/person\/cd8a5e2d20301020b8b7ab3e20b0027e\",\"name\":\"admin\",\"image\":{\"@type\":\"ImageObject\",\"inLanguage\":\"tr\",\"@id\":\"https:\/\/www.sporplaza.com\/blog\/#\/schema\/person\/image\/\",\"url\":\"https:\/\/secure.gravatar.com\/avatar\/0f20071ca65e6497956bbb8202eec1a0?s=96&d=mm&r=g\",\"contentUrl\":\"https:\/\/secure.gravatar.com\/avatar\/0f20071ca65e6497956bbb8202eec1a0?s=96&d=mm&r=g\",\"caption\":\"admin\"},\"url\":\"https:\/\/www.sporplaza.com\/blog\/author\/admin\/\"}]}<\/script>\n<!-- \/ Yoast SEO plugin. -->","yoast_head_json":{"title":"2020 Model Corelli Bisikletler - Spor Plaza Bisiklet ve Spor \u00dcr\u00fcnleri","description":"2020 Model Corelli Bisikletler ile ilgili g\u00f6rsel payla\u015f\u0131m ve \u00f6ng\u00f6r\u00fclerin bulundu\u011fu bu sayfa zaman i\u00e7erisinde g\u00fcncellenerek bisiklet severlere sunulacak","robots":{"index":"index","follow":"follow","max-snippet":"max-snippet:-1","max-image-preview":"max-image-preview:large","max-video-preview":"max-video-preview:-1"},"canonical":"https:\/\/www.sporplaza.com\/blog\/2020-model-corelli-bisikletler\/","og_locale":"tr_TR","og_type":"article","og_title":"2020 Model Corelli Bisikletler - Spor Plaza Bisiklet ve Spor \u00dcr\u00fcnleri","og_description":"2020 Model Corelli Bisikletler ile ilgili g\u00f6rsel payla\u015f\u0131m ve \u00f6ng\u00f6r\u00fclerin bulundu\u011fu bu sayfa zaman i\u00e7erisinde g\u00fcncellenerek bisiklet severlere sunulacak","og_url":"https:\/\/www.sporplaza.com\/blog\/2020-model-corelli-bisikletler\/","og_site_name":"Spor Plaza Bisiklet ve Spor \u00dcr\u00fcnleri","article_published_time":"2019-09-05T10:44:21+00:00","article_modified_time":"2020-02-23T12:19:57+00:00","og_image":[{"width":400,"height":400,"url":"https:\/\/www.sporplaza.com\/blog\/wp-content\/uploads\/2019\/09\/D0UVT0Za_400x4001.jpg","type":"image\/jpeg"}],"author":"admin","twitter_card":"summary_large_image","twitter_misc":{"Yazan:":"admin","Tahmini okuma s\u00fcresi":"4 dakika"},"schema":{"@context":"https:\/\/schema.org","@graph":[{"@type":"Article","@id":"https:\/\/www.sporplaza.com\/blog\/2020-model-corelli-bisikletler\/#article","isPartOf":{"@id":"https:\/\/www.sporplaza.com\/blog\/2020-model-corelli-bisikletler\/"},"author":{"name":"admin","@id":"https:\/\/www.sporplaza.com\/blog\/#\/schema\/person\/cd8a5e2d20301020b8b7ab3e20b0027e"},"headline":"2020 Model Corelli Bisikletler","datePublished":"2019-09-05T10:44:21+00:00","dateModified":"2020-02-23T12:19:57+00:00","mainEntityOfPage":{"@id":"https:\/\/www.sporplaza.com\/blog\/2020-model-corelli-bisikletler\/"},"wordCount":808,"commentCount":1,"publisher":{"@id":"https:\/\/www.sporplaza.com\/blog\/#organization"},"image":{"@id":"https:\/\/www.sporplaza.com\/blog\/2020-model-corelli-bisikletler\/#primaryimage"},"thumbnailUrl":"https:\/\/www.sporplaza.com\/blog\/wp-content\/uploads\/2019\/09\/D0UVT0Za_400x4001.jpg","keywords":["bisiklet","corelli"],"articleSection":["B\u0130S\u0130KLET"],"inLanguage":"tr","potentialAction":[{"@type":"CommentAction","name":"Comment","target":["https:\/\/www.sporplaza.com\/blog\/2020-model-corelli-bisikletler\/#respond"]}]},{"@type":"WebPage","@id":"https:\/\/www.sporplaza.com\/blog\/2020-model-corelli-bisikletler\/","url":"https:\/\/www.sporplaza.com\/blog\/2020-model-corelli-bisikletler\/","name":"2020 Model Corelli Bisikletler - Spor Plaza Bisiklet ve Spor \u00dcr\u00fcnleri","isPartOf":{"@id":"https:\/\/www.sporplaza.com\/blog\/#website"},"primaryImageOfPage":{"@id":"https:\/\/www.sporplaza.com\/blog\/2020-model-corelli-bisikletler\/#primaryimage"},"image":{"@id":"https:\/\/www.sporplaza.com\/blog\/2020-model-corelli-bisikletler\/#primaryimage"},"thumbnailUrl":"https:\/\/www.sporplaza.com\/blog\/wp-content\/uploads\/2019\/09\/D0UVT0Za_400x4001.jpg","datePublished":"2019-09-05T10:44:21+00:00","dateModified":"2020-02-23T12:19:57+00:00","description":"2020 Model Corelli Bisikletler ile ilgili g\u00f6rsel payla\u015f\u0131m ve \u00f6ng\u00f6r\u00fclerin bulundu\u011fu bu sayfa zaman i\u00e7erisinde g\u00fcncellenerek bisiklet severlere sunulacak","breadcrumb":{"@id":"https:\/\/www.sporplaza.com\/blog\/2020-model-corelli-bisikletler\/#breadcrumb"},"inLanguage":"tr","potentialAction":[{"@type":"ReadAction","target":["https:\/\/www.sporplaza.com\/blog\/2020-model-corelli-bisikletler\/"]}]},{"@type":"ImageObject","inLanguage":"tr","@id":"https:\/\/www.sporplaza.com\/blog\/2020-model-corelli-bisikletler\/#primaryimage","url":"https:\/\/www.sporplaza.com\/blog\/wp-content\/uploads\/2019\/09\/D0UVT0Za_400x4001.jpg","contentUrl":"https:\/\/www.sporplaza.com\/blog\/wp-content\/uploads\/2019\/09\/D0UVT0Za_400x4001.jpg","width":400,"height":400},{"@type":"BreadcrumbList","@id":"https:\/\/www.sporplaza.com\/blog\/2020-model-corelli-bisikletler\/#breadcrumb","itemListElement":[{"@type":"ListItem","position":1,"name":"Ana sayfa","item":"https:\/\/www.sporplaza.com\/blog\/"},{"@type":"ListItem","position":2,"name":"2020 Model Corelli Bisikletler"}]},{"@type":"WebSite","@id":"https:\/\/www.sporplaza.com\/blog\/#website","url":"https:\/\/www.sporplaza.com\/blog\/","name":"Spor Plaza Bisiklet ve Spor \u00dcr\u00fcnleri","description":"Spora Dair Ne Varsa","publisher":{"@id":"https:\/\/www.sporplaza.com\/blog\/#organization"},"potentialAction":[{"@type":"SearchAction","target":{"@type":"EntryPoint","urlTemplate":"https:\/\/www.sporplaza.com\/blog\/?s={search_term_string}"},"query-input":{"@type":"PropertyValueSpecification","valueRequired":true,"valueName":"search_term_string"}}],"inLanguage":"tr"},{"@type":"Organization","@id":"https:\/\/www.sporplaza.com\/blog\/#organization","name":"Spor Plaza Bisiklet ve Spor \u00dcr\u00fcnleri","url":"https:\/\/www.sporplaza.com\/blog\/","logo":{"@type":"ImageObject","inLanguage":"tr","@id":"https:\/\/www.sporplaza.com\/blog\/#\/schema\/logo\/image\/","url":"https:\/\/www.sporplaza.com\/blog\/wp-content\/uploads\/2019\/09\/cropped-logo-kucuk.jpg","contentUrl":"https:\/\/www.sporplaza.com\/blog\/wp-content\/uploads\/2019\/09\/cropped-logo-kucuk.jpg","width":446,"height":90,"caption":"Spor Plaza Bisiklet ve Spor \u00dcr\u00fcnleri"},"image":{"@id":"https:\/\/www.sporplaza.com\/blog\/#\/schema\/logo\/image\/"}},{"@type":"Person","@id":"https:\/\/www.sporplaza.com\/blog\/#\/schema\/person\/cd8a5e2d20301020b8b7ab3e20b0027e","name":"admin","image":{"@type":"ImageObject","inLanguage":"tr","@id":"https:\/\/www.sporplaza.com\/blog\/#\/schema\/person\/image\/","url":"https:\/\/secure.gravatar.com\/avatar\/0f20071ca65e6497956bbb8202eec1a0?s=96&d=mm&r=g","contentUrl":"https:\/\/secure.gravatar.com\/avatar\/0f20071ca65e6497956bbb8202eec1a0?s=96&d=mm&r=g","caption":"admin"},"url":"https:\/\/www.sporplaza.com\/blog\/author\/admin\/"}]}},"_links":{"self":[{"href":"https:\/\/www.sporplaza.com\/blog\/wp-json\/wp\/v2\/posts\/240"}],"collection":[{"href":"https:\/\/www.sporplaza.com\/blog\/wp-json\/wp\/v2\/posts"}],"about":[{"href":"https:\/\/www.sporplaza.com\/blog\/wp-json\/wp\/v2\/types\/post"}],"author":[{"embeddable":true,"href":"https:\/\/www.sporplaza.com\/blog\/wp-json\/wp\/v2\/users\/1"}],"replies":[{"embeddable":true,"href":"https:\/\/www.sporplaza.com\/blog\/wp-json\/wp\/v2\/comments?post=240"}],"version-history":[{"count":7,"href":"https:\/\/www.sporplaza.com\/blog\/wp-json\/wp\/v2\/posts\/240\/revisions"}],"predecessor-version":[{"id":417,"href":"https:\/\/www.sporplaza.com\/blog\/wp-json\/wp\/v2\/posts\/240\/revisions\/417"}],"wp:featuredmedia":[{"embeddable":true,"href":"https:\/\/www.sporplaza.com\/blog\/wp-json\/wp\/v2\/media\/245"}],"wp:attachment":[{"href":"https:\/\/www.sporplaza.com\/blog\/wp-json\/wp\/v2\/media?parent=240"}],"wp:term":[{"taxonomy":"category","embeddable":true,"href":"https:\/\/www.sporplaza.com\/blog\/wp-json\/wp\/v2\/categories?post=240"},{"taxonomy":"post_tag","embeddable":true,"href":"https:\/\/www.sporplaza.com\/blog\/wp-json\/wp\/v2\/tags?post=240"}],"curies":[{"name":"wp","href":"https:\/\/api.w.org\/{rel}","templated":true}]}}