{"id":45,"date":"2019-08-19T10:40:17","date_gmt":"2019-08-19T07:40:17","guid":{"rendered":"https:\/\/www.sporplaza.com\/blog\/?p=45"},"modified":"2020-02-11T18:37:43","modified_gmt":"2020-02-11T15:37:43","slug":"bisiklet-nerede-ne-zaman-ve-kim-tarafindan-icat-edilmistir","status":"publish","type":"post","link":"https:\/\/www.sporplaza.com\/blog\/bisiklet-nerede-ne-zaman-ve-kim-tarafindan-icat-edilmistir\/","title":{"rendered":"Bisiklet nerede ne zaman ve kim taraf\u0131ndan icat edilmi\u015ftir ?"},"content":{"rendered":"\n<p>Bisikletin nerede ne zaman ve kim taraf\u0131ndan icat edildi\u011fi bisiklet merakl\u0131s\u0131 insanlar\u0131n her zaman ilgi g\u00f6sterdi\u011fi konulardan olmu\u015ftur. Acaba ilk icat edilen bisiklet nas\u0131ld\u0131? Bug\u00fcn ki bisikletlere benziyor muydu? Bisiklet nas\u0131l bir geli\u015fme s\u00fcreci ya\u015fad\u0131? gibi konular da bunun paralelinde geli\u015fmektedir.<\/p>\n\n\n\n<p>Bu yaz\u0131m\u0131zda bisikletin icat edili\u015finden tarihi geli\u015fim s\u00fcrecine kadar bir \u00e7ok detay\u0131 ele almaya \u00e7al\u0131\u015faca\u011f\u0131z.  <\/p>\n\n\n\n<h2 class=\"wp-block-heading\">\u0130lk Bisiklet Fransa&#8217;da \u0130cat Edildi<\/h2>\n\n\n\n<p>Bisikletin icad\u0131 yakla\u015f\u0131k 200 sene \u00f6ncesine dayan\u0131r. 200 sene Fransa da icat edilen bisiklet bug\u00fcn ki denge bisiketleri ile ayn\u0131 mant\u0131kta insanlar\u0131n \u00fczerine binerek ayaklar\u0131 ile zemini itmek suretiyle hareket ettirdikleri bisiklettir. <\/p>\n\n\n\n<figure class=\"wp-block-image\"><img loading=\"lazy\" decoding=\"async\" width=\"720\" height=\"609\" src=\"https:\/\/www.sporplaza.com\/blog\/wp-content\/uploads\/2019\/08\/ilk-bisiklet.jpg\" alt=\"Bisiklet nerede ne zaman ve kim taraf\u0131ndan icat edilmi\u015ftir ?\n\" class=\"wp-image-46\" srcset=\"https:\/\/www.sporplaza.com\/blog\/wp-content\/uploads\/2019\/08\/ilk-bisiklet.jpg 720w, https:\/\/www.sporplaza.com\/blog\/wp-content\/uploads\/2019\/08\/ilk-bisiklet-300x254.jpg 300w\" sizes=\"(max-width: 720px) 100vw, 720px\" \/><figcaption>Bisiklet nerede ne zaman ve kim taraf\u0131ndan icat edilmi\u015ftir ?<\/figcaption><\/figure>\n\n\n\n<h2 class=\"wp-block-heading\">\u0130kinci Bisiklet Almanyadan \u00c7\u0131kt\u0131<\/h2>\n\n\n\n<p>Kulland\u0131\u011f\u0131m\u0131z ve bildi\u011fimiz anlamda ilk bisiklet ise  1817 y\u0131l\u0131nda bir alman taraf\u0131ndan icat edilmi\u015ftir. Karl Von Drais isimli bu alman pedall\u0131 bisikletin ilk mucididir.<\/p>\n\n\n\n<div class=\"wp-block-image\"><figure class=\"aligncenter\"><img loading=\"lazy\" decoding=\"async\" width=\"300\" height=\"271\" src=\"https:\/\/www.sporplaza.com\/blog\/wp-content\/uploads\/2019\/08\/karl-von-drais.jpeg\" alt=\"Karl Von Drais\" class=\"wp-image-47\"\/><figcaption>Karl Von Drais<\/figcaption><\/figure><\/div>\n\n\n\n<p>Fransa da icat edilen ilk bisiklet  Celerifere ismi ile ifade ediliyordu. Alman icad\u0131 olan ikinci bisiklet ise  Drezin ismi ile an\u0131l\u0131yordu.  <\/p>\n\n\n\n<figure class=\"wp-block-embed-wordpress wp-block-embed is-type-wp-embed is-provider-sporcu-pazari-0332-666-00-00\"><div class=\"wp-block-embed__wrapper\">\n<blockquote class=\"wp-embedded-content\" data-secret=\"GxSNFKpBDU\"><a href=\"https:\/\/www.sporcupazari.com\/blog\/konya-bisan-bayii\/\">Konya Bisan Bayii<\/a><\/blockquote><iframe loading=\"lazy\" title=\"&#8220;Konya Bisan Bayii&#8221; &#8212; Sporcu Pazar\u0131 - 0332 666 00 00\" class=\"wp-embedded-content\" sandbox=\"allow-scripts\" security=\"restricted\" style=\"position: absolute; clip: rect(1px, 1px, 1px, 1px);\" src=\"https:\/\/www.sporcupazari.com\/blog\/konya-bisan-bayii\/embed\/#?secret=GxSNFKpBDU\" data-secret=\"GxSNFKpBDU\" width=\"600\" height=\"338\" frameborder=\"0\" marginwidth=\"0\" marginheight=\"0\" scrolling=\"no\"><\/iframe>\n<\/div><\/figure>\n\n\n\n<h2 class=\"wp-block-heading\">\u0130lk Pedall\u0131 Bisikleti yine Frans\u0131zlar Yapt\u0131lar<\/h2>\n\n\n\n<p>Pierre ve Ernest Michaux isminde frans\u0131z bir baba o\u011ful ise Drezin in \u00f6n g\u00f6be\u011fine pedal takarak bug\u00fcn kulland\u0131\u011f\u0131m\u0131z bisikletin atas\u0131n\u0131 olu\u015fturmu\u015f oldular.<\/p>\n\n\n\n<figure class=\"wp-block-image\"><img loading=\"lazy\" decoding=\"async\" width=\"1024\" height=\"683\" src=\"https:\/\/www.sporplaza.com\/blog\/wp-content\/uploads\/2019\/08\/pedalli-bisiklet-1024x683.jpg\" alt=\"\" class=\"wp-image-48\" srcset=\"https:\/\/www.sporplaza.com\/blog\/wp-content\/uploads\/2019\/08\/pedalli-bisiklet-1024x683.jpg 1024w, https:\/\/www.sporplaza.com\/blog\/wp-content\/uploads\/2019\/08\/pedalli-bisiklet-300x200.jpg 300w, https:\/\/www.sporplaza.com\/blog\/wp-content\/uploads\/2019\/08\/pedalli-bisiklet-768x512.jpg 768w\" sizes=\"(max-width: 1024px) 100vw, 1024px\" \/><\/figure>\n\n\n\n<h2 class=\"wp-block-heading\">G\u00fcn\u00fcm\u00fczde Bisiklet \u00c7e\u015fitlili\u011fi<\/h2>\n\n\n\n<p>G\u00fcn\u00fcm\u00fczde da\u011f bisikleti, yol bisikleti (yar\u0131\u015f bisikleti), tur bisikleti, \u015fehir bisikleti gibi ana kategorilere ayr\u0131lan fakat bunlar\u0131n alt\u0131nda onlarca alt kategoriye sahip bisiklet modeli mevcuttur. Bununla birlikte avrupa \u00fclkelerinde \u00fcst grup bisiklet markalar\u0131 bulunsa da d\u00fcnyan\u0131n neredeyse her yerinde  bisiklet \u00fcretilmektedir. <a href=\"https:\/\/www.sporplaza.com\/blog\/bisiklet-markalari\/\">https:\/\/www.sporplaza.com\/blog\/bisiklet-markalari\/<\/a><\/p>\n\n\n\n<h2 class=\"wp-block-heading\">Bisiklet Hangi Malzemelerden \u00dcretiliyor<\/h2>\n\n\n\n<p>Bisikletin en \u00f6nemli par\u00e7as\u0131 olan kadrosu;  \u00e7elik, aluminyum (ala\u015f\u0131m), titanyum, bambu, ah\u015fap, karbon gibi farkl\u0131 materyallerden imal edilmektedir. Seri \u00fcretimde en \u00e7ok kullan\u0131lan materyal \u00e7elik ve aluminyumdur. \u00c7elik bisiklet kadrolar\u0131nda hi-ten, cro-moly gibi \u00e7elik t\u00fcrleri kullan\u0131l\u0131rken. Aluminyumda da 6061 en s\u0131k kullan\u0131lmakla birlikte 6000 ve 7000 serisi ala\u015f\u0131mlar kullan\u0131lmaktad\u0131r.<\/p>\n\n\n\n<h2 class=\"wp-block-heading\">Bisiklette \u00c7al\u0131\u015fan Aksam (Vites-\u00c7eki\u015f Sistemi) Hangi \u00dclkede \u00dcretiliyor<\/h2>\n\n\n\n<p>G\u00fcn\u00fcm\u00fcz bisikletlerinde vites, \u00e7eki\u015f sisteminde ise kaliteli bisikletlerde Japon Shimano ( <a href=\"https:\/\/www.shimano.com\/en\/\">https:\/\/www.shimano.com\/en\/<\/a> ) ve Alman Sram ( <a href=\"https:\/\/www.sram.com\/en\/sram\">https:\/\/www.sram.com\/en\/sram<\/a> )  ba\u015f\u0131 \u00e7eker. Onun d\u0131\u015f\u0131nda halk bisikleti tabir etti\u011fimiz bisikletlerde farkl\u0131 vites \u00e7eki\u015f sistemi alternatifler s\u00f6z konusu olabilmektedir. <\/p>\n\n\n\n<p>G\u00fcn\u00fcm\u00fczde farkl\u0131 teker ve farkl\u0131 kadro boylar\u0131ndaki bisikletlere ula\u015fmak art\u0131k olduk\u00e7a kolayd\u0131r. Bedeninize kullanaca\u011f\u0131n\u0131z parkura g\u00f6re kadro ve teker ebat\u0131 ve hatta \u00e7eki\u015f sistemi tercih ederek insan g\u00fcc\u00fc ile en efektif kullanabilece\u011finiz bir araca sahip olabilirsiniz.<\/p>\n\n\n\n<p>Bisikletler icat edili\u015finden bu tarafa gerek kullan\u0131m ve sat\u0131n alma maliyeti, gerek do\u011faya zarar vermemesi, gerekse sa\u011fl\u0131k i\u00e7in olan faydalar\u0131 sebebiyle \u00e7ok tercih edilmektedir.<\/p>\n\n\n\n<p>Bisiklet icat edilmesi, bisiklet tarih\u00e7esi, g\u00fcn\u00fcm\u00fcz bisikletleri ve bisiklet \u00fcretilen malzemelerden bahsettik. Umar\u0131z faydal\u0131 olmu\u015ftur.<\/p>\n","protected":false},"excerpt":{"rendered":"<p>Bisikletin nerede ne zaman ve kim taraf\u0131ndan icat edildi\u011fi bisiklet merakl\u0131s\u0131 insanlar\u0131n her zaman ilgi g\u00f6sterdi\u011fi konulardan olmu\u015ftur. Acaba ilk<\/p>\n","protected":false},"author":1,"featured_media":46,"comment_status":"closed","ping_status":"closed","sticky":false,"template":"","format":"standard","meta":{"footnotes":""},"categories":[56],"tags":[],"class_list":["post-45","post","type-post","status-publish","format-standard","has-post-thumbnail","hentry","category-bisiklet"],"yoast_head":"<!-- This site is optimized with the Yoast SEO plugin v23.9 - https:\/\/yoast.com\/wordpress\/plugins\/seo\/ -->\n<title>Bisiklet nerede ne zaman ve kim taraf\u0131ndan icat edilmi\u015ftir ? - Spor Plaza Bisiklet ve Spor \u00dcr\u00fcnleri<\/title>\n<meta name=\"description\" content=\"Bu yaz\u0131m\u0131zda bisikletin ilk nerede kimin taraf\u0131ndan icat edili\u011fini yan\u0131 s\u0131ra tarihsel geli\u015fim s\u00fcrecini ve bug\u00fcn ki bisikletleri anlatt\u0131k\" \/>\n<meta name=\"robots\" content=\"index, follow, max-snippet:-1, max-image-preview:large, max-video-preview:-1\" \/>\n<link rel=\"canonical\" href=\"https:\/\/www.sporplaza.com\/blog\/bisiklet-nerede-ne-zaman-ve-kim-tarafindan-icat-edilmistir\/\" \/>\n<meta property=\"og:locale\" content=\"tr_TR\" \/>\n<meta property=\"og:type\" content=\"article\" \/>\n<meta property=\"og:title\" content=\"Bisiklet nerede ne zaman ve kim taraf\u0131ndan icat edilmi\u015ftir ? - Spor Plaza Bisiklet ve Spor \u00dcr\u00fcnleri\" \/>\n<meta property=\"og:description\" content=\"Bu yaz\u0131m\u0131zda bisikletin ilk nerede kimin taraf\u0131ndan icat edili\u011fini yan\u0131 s\u0131ra tarihsel geli\u015fim s\u00fcrecini ve bug\u00fcn ki bisikletleri anlatt\u0131k\" \/>\n<meta property=\"og:url\" content=\"https:\/\/www.sporplaza.com\/blog\/bisiklet-nerede-ne-zaman-ve-kim-tarafindan-icat-edilmistir\/\" \/>\n<meta property=\"og:site_name\" content=\"Spor Plaza Bisiklet ve Spor \u00dcr\u00fcnleri\" \/>\n<meta property=\"article:published_time\" content=\"2019-08-19T07:40:17+00:00\" \/>\n<meta property=\"article:modified_time\" content=\"2020-02-11T15:37:43+00:00\" \/>\n<meta property=\"og:image\" content=\"https:\/\/www.sporplaza.com\/blog\/wp-content\/uploads\/2019\/08\/ilk-bisiklet.jpg\" \/>\n\t<meta property=\"og:image:width\" content=\"720\" \/>\n\t<meta property=\"og:image:height\" content=\"609\" \/>\n\t<meta property=\"og:image:type\" content=\"image\/jpeg\" \/>\n<meta name=\"author\" content=\"admin\" \/>\n<meta name=\"twitter:card\" content=\"summary_large_image\" \/>\n<meta name=\"twitter:label1\" content=\"Yazan:\" \/>\n\t<meta name=\"twitter:data1\" content=\"admin\" \/>\n\t<meta name=\"twitter:label2\" content=\"Tahmini okuma s\u00fcresi\" \/>\n\t<meta name=\"twitter:data2\" content=\"3 dakika\" \/>\n<script type=\"application\/ld+json\" class=\"yoast-schema-graph\">{\"@context\":\"https:\/\/schema.org\",\"@graph\":[{\"@type\":\"Article\",\"@id\":\"https:\/\/www.sporplaza.com\/blog\/bisiklet-nerede-ne-zaman-ve-kim-tarafindan-icat-edilmistir\/#article\",\"isPartOf\":{\"@id\":\"https:\/\/www.sporplaza.com\/blog\/bisiklet-nerede-ne-zaman-ve-kim-tarafindan-icat-edilmistir\/\"},\"author\":{\"name\":\"admin\",\"@id\":\"https:\/\/www.sporplaza.com\/blog\/#\/schema\/person\/cd8a5e2d20301020b8b7ab3e20b0027e\"},\"headline\":\"Bisiklet nerede ne zaman ve kim taraf\u0131ndan icat edilmi\u015ftir ?\",\"datePublished\":\"2019-08-19T07:40:17+00:00\",\"dateModified\":\"2020-02-11T15:37:43+00:00\",\"mainEntityOfPage\":{\"@id\":\"https:\/\/www.sporplaza.com\/blog\/bisiklet-nerede-ne-zaman-ve-kim-tarafindan-icat-edilmistir\/\"},\"wordCount\":528,\"publisher\":{\"@id\":\"https:\/\/www.sporplaza.com\/blog\/#organization\"},\"image\":{\"@id\":\"https:\/\/www.sporplaza.com\/blog\/bisiklet-nerede-ne-zaman-ve-kim-tarafindan-icat-edilmistir\/#primaryimage\"},\"thumbnailUrl\":\"https:\/\/www.sporplaza.com\/blog\/wp-content\/uploads\/2019\/08\/ilk-bisiklet.jpg\",\"articleSection\":[\"B\u0130S\u0130KLET\"],\"inLanguage\":\"tr\"},{\"@type\":\"WebPage\",\"@id\":\"https:\/\/www.sporplaza.com\/blog\/bisiklet-nerede-ne-zaman-ve-kim-tarafindan-icat-edilmistir\/\",\"url\":\"https:\/\/www.sporplaza.com\/blog\/bisiklet-nerede-ne-zaman-ve-kim-tarafindan-icat-edilmistir\/\",\"name\":\"Bisiklet nerede ne zaman ve kim taraf\u0131ndan icat edilmi\u015ftir ? - Spor Plaza Bisiklet ve Spor \u00dcr\u00fcnleri\",\"isPartOf\":{\"@id\":\"https:\/\/www.sporplaza.com\/blog\/#website\"},\"primaryImageOfPage\":{\"@id\":\"https:\/\/www.sporplaza.com\/blog\/bisiklet-nerede-ne-zaman-ve-kim-tarafindan-icat-edilmistir\/#primaryimage\"},\"image\":{\"@id\":\"https:\/\/www.sporplaza.com\/blog\/bisiklet-nerede-ne-zaman-ve-kim-tarafindan-icat-edilmistir\/#primaryimage\"},\"thumbnailUrl\":\"https:\/\/www.sporplaza.com\/blog\/wp-content\/uploads\/2019\/08\/ilk-bisiklet.jpg\",\"datePublished\":\"2019-08-19T07:40:17+00:00\",\"dateModified\":\"2020-02-11T15:37:43+00:00\",\"description\":\"Bu yaz\u0131m\u0131zda bisikletin ilk nerede kimin taraf\u0131ndan icat edili\u011fini yan\u0131 s\u0131ra tarihsel geli\u015fim s\u00fcrecini ve bug\u00fcn ki bisikletleri anlatt\u0131k\",\"breadcrumb\":{\"@id\":\"https:\/\/www.sporplaza.com\/blog\/bisiklet-nerede-ne-zaman-ve-kim-tarafindan-icat-edilmistir\/#breadcrumb\"},\"inLanguage\":\"tr\",\"potentialAction\":[{\"@type\":\"ReadAction\",\"target\":[\"https:\/\/www.sporplaza.com\/blog\/bisiklet-nerede-ne-zaman-ve-kim-tarafindan-icat-edilmistir\/\"]}]},{\"@type\":\"ImageObject\",\"inLanguage\":\"tr\",\"@id\":\"https:\/\/www.sporplaza.com\/blog\/bisiklet-nerede-ne-zaman-ve-kim-tarafindan-icat-edilmistir\/#primaryimage\",\"url\":\"https:\/\/www.sporplaza.com\/blog\/wp-content\/uploads\/2019\/08\/ilk-bisiklet.jpg\",\"contentUrl\":\"https:\/\/www.sporplaza.com\/blog\/wp-content\/uploads\/2019\/08\/ilk-bisiklet.jpg\",\"width\":720,\"height\":609},{\"@type\":\"BreadcrumbList\",\"@id\":\"https:\/\/www.sporplaza.com\/blog\/bisiklet-nerede-ne-zaman-ve-kim-tarafindan-icat-edilmistir\/#breadcrumb\",\"itemListElement\":[{\"@type\":\"ListItem\",\"position\":1,\"name\":\"Ana sayfa\",\"item\":\"https:\/\/www.sporplaza.com\/blog\/\"},{\"@type\":\"ListItem\",\"position\":2,\"name\":\"Bisiklet nerede ne zaman ve kim taraf\u0131ndan icat edilmi\u015ftir ?\"}]},{\"@type\":\"WebSite\",\"@id\":\"https:\/\/www.sporplaza.com\/blog\/#website\",\"url\":\"https:\/\/www.sporplaza.com\/blog\/\",\"name\":\"Spor Plaza Bisiklet ve Spor \u00dcr\u00fcnleri\",\"description\":\"Spora Dair Ne Varsa\",\"publisher\":{\"@id\":\"https:\/\/www.sporplaza.com\/blog\/#organization\"},\"potentialAction\":[{\"@type\":\"SearchAction\",\"target\":{\"@type\":\"EntryPoint\",\"urlTemplate\":\"https:\/\/www.sporplaza.com\/blog\/?s={search_term_string}\"},\"query-input\":{\"@type\":\"PropertyValueSpecification\",\"valueRequired\":true,\"valueName\":\"search_term_string\"}}],\"inLanguage\":\"tr\"},{\"@type\":\"Organization\",\"@id\":\"https:\/\/www.sporplaza.com\/blog\/#organization\",\"name\":\"Spor Plaza Bisiklet ve Spor \u00dcr\u00fcnleri\",\"url\":\"https:\/\/www.sporplaza.com\/blog\/\",\"logo\":{\"@type\":\"ImageObject\",\"inLanguage\":\"tr\",\"@id\":\"https:\/\/www.sporplaza.com\/blog\/#\/schema\/logo\/image\/\",\"url\":\"https:\/\/www.sporplaza.com\/blog\/wp-content\/uploads\/2019\/09\/cropped-logo-kucuk.jpg\",\"contentUrl\":\"https:\/\/www.sporplaza.com\/blog\/wp-content\/uploads\/2019\/09\/cropped-logo-kucuk.jpg\",\"width\":446,\"height\":90,\"caption\":\"Spor Plaza Bisiklet ve Spor \u00dcr\u00fcnleri\"},\"image\":{\"@id\":\"https:\/\/www.sporplaza.com\/blog\/#\/schema\/logo\/image\/\"}},{\"@type\":\"Person\",\"@id\":\"https:\/\/www.sporplaza.com\/blog\/#\/schema\/person\/cd8a5e2d20301020b8b7ab3e20b0027e\",\"name\":\"admin\",\"image\":{\"@type\":\"ImageObject\",\"inLanguage\":\"tr\",\"@id\":\"https:\/\/www.sporplaza.com\/blog\/#\/schema\/person\/image\/\",\"url\":\"https:\/\/secure.gravatar.com\/avatar\/0f20071ca65e6497956bbb8202eec1a0?s=96&d=mm&r=g\",\"contentUrl\":\"https:\/\/secure.gravatar.com\/avatar\/0f20071ca65e6497956bbb8202eec1a0?s=96&d=mm&r=g\",\"caption\":\"admin\"},\"url\":\"https:\/\/www.sporplaza.com\/blog\/author\/admin\/\"}]}<\/script>\n<!-- \/ Yoast SEO plugin. -->","yoast_head_json":{"title":"Bisiklet nerede ne zaman ve kim taraf\u0131ndan icat edilmi\u015ftir ? - Spor Plaza Bisiklet ve Spor \u00dcr\u00fcnleri","description":"Bu yaz\u0131m\u0131zda bisikletin ilk nerede kimin taraf\u0131ndan icat edili\u011fini yan\u0131 s\u0131ra tarihsel geli\u015fim s\u00fcrecini ve bug\u00fcn ki bisikletleri anlatt\u0131k","robots":{"index":"index","follow":"follow","max-snippet":"max-snippet:-1","max-image-preview":"max-image-preview:large","max-video-preview":"max-video-preview:-1"},"canonical":"https:\/\/www.sporplaza.com\/blog\/bisiklet-nerede-ne-zaman-ve-kim-tarafindan-icat-edilmistir\/","og_locale":"tr_TR","og_type":"article","og_title":"Bisiklet nerede ne zaman ve kim taraf\u0131ndan icat edilmi\u015ftir ? - Spor Plaza Bisiklet ve Spor \u00dcr\u00fcnleri","og_description":"Bu yaz\u0131m\u0131zda bisikletin ilk nerede kimin taraf\u0131ndan icat edili\u011fini yan\u0131 s\u0131ra tarihsel geli\u015fim s\u00fcrecini ve bug\u00fcn ki bisikletleri anlatt\u0131k","og_url":"https:\/\/www.sporplaza.com\/blog\/bisiklet-nerede-ne-zaman-ve-kim-tarafindan-icat-edilmistir\/","og_site_name":"Spor Plaza Bisiklet ve Spor \u00dcr\u00fcnleri","article_published_time":"2019-08-19T07:40:17+00:00","article_modified_time":"2020-02-11T15:37:43+00:00","og_image":[{"width":720,"height":609,"url":"https:\/\/www.sporplaza.com\/blog\/wp-content\/uploads\/2019\/08\/ilk-bisiklet.jpg","type":"image\/jpeg"}],"author":"admin","twitter_card":"summary_large_image","twitter_misc":{"Yazan:":"admin","Tahmini okuma s\u00fcresi":"3 dakika"},"schema":{"@context":"https:\/\/schema.org","@graph":[{"@type":"Article","@id":"https:\/\/www.sporplaza.com\/blog\/bisiklet-nerede-ne-zaman-ve-kim-tarafindan-icat-edilmistir\/#article","isPartOf":{"@id":"https:\/\/www.sporplaza.com\/blog\/bisiklet-nerede-ne-zaman-ve-kim-tarafindan-icat-edilmistir\/"},"author":{"name":"admin","@id":"https:\/\/www.sporplaza.com\/blog\/#\/schema\/person\/cd8a5e2d20301020b8b7ab3e20b0027e"},"headline":"Bisiklet nerede ne zaman ve kim taraf\u0131ndan icat edilmi\u015ftir ?","datePublished":"2019-08-19T07:40:17+00:00","dateModified":"2020-02-11T15:37:43+00:00","mainEntityOfPage":{"@id":"https:\/\/www.sporplaza.com\/blog\/bisiklet-nerede-ne-zaman-ve-kim-tarafindan-icat-edilmistir\/"},"wordCount":528,"publisher":{"@id":"https:\/\/www.sporplaza.com\/blog\/#organization"},"image":{"@id":"https:\/\/www.sporplaza.com\/blog\/bisiklet-nerede-ne-zaman-ve-kim-tarafindan-icat-edilmistir\/#primaryimage"},"thumbnailUrl":"https:\/\/www.sporplaza.com\/blog\/wp-content\/uploads\/2019\/08\/ilk-bisiklet.jpg","articleSection":["B\u0130S\u0130KLET"],"inLanguage":"tr"},{"@type":"WebPage","@id":"https:\/\/www.sporplaza.com\/blog\/bisiklet-nerede-ne-zaman-ve-kim-tarafindan-icat-edilmistir\/","url":"https:\/\/www.sporplaza.com\/blog\/bisiklet-nerede-ne-zaman-ve-kim-tarafindan-icat-edilmistir\/","name":"Bisiklet nerede ne zaman ve kim taraf\u0131ndan icat edilmi\u015ftir ? - Spor Plaza Bisiklet ve Spor \u00dcr\u00fcnleri","isPartOf":{"@id":"https:\/\/www.sporplaza.com\/blog\/#website"},"primaryImageOfPage":{"@id":"https:\/\/www.sporplaza.com\/blog\/bisiklet-nerede-ne-zaman-ve-kim-tarafindan-icat-edilmistir\/#primaryimage"},"image":{"@id":"https:\/\/www.sporplaza.com\/blog\/bisiklet-nerede-ne-zaman-ve-kim-tarafindan-icat-edilmistir\/#primaryimage"},"thumbnailUrl":"https:\/\/www.sporplaza.com\/blog\/wp-content\/uploads\/2019\/08\/ilk-bisiklet.jpg","datePublished":"2019-08-19T07:40:17+00:00","dateModified":"2020-02-11T15:37:43+00:00","description":"Bu yaz\u0131m\u0131zda bisikletin ilk nerede kimin taraf\u0131ndan icat edili\u011fini yan\u0131 s\u0131ra tarihsel geli\u015fim s\u00fcrecini ve bug\u00fcn ki bisikletleri anlatt\u0131k","breadcrumb":{"@id":"https:\/\/www.sporplaza.com\/blog\/bisiklet-nerede-ne-zaman-ve-kim-tarafindan-icat-edilmistir\/#breadcrumb"},"inLanguage":"tr","potentialAction":[{"@type":"ReadAction","target":["https:\/\/www.sporplaza.com\/blog\/bisiklet-nerede-ne-zaman-ve-kim-tarafindan-icat-edilmistir\/"]}]},{"@type":"ImageObject","inLanguage":"tr","@id":"https:\/\/www.sporplaza.com\/blog\/bisiklet-nerede-ne-zaman-ve-kim-tarafindan-icat-edilmistir\/#primaryimage","url":"https:\/\/www.sporplaza.com\/blog\/wp-content\/uploads\/2019\/08\/ilk-bisiklet.jpg","contentUrl":"https:\/\/www.sporplaza.com\/blog\/wp-content\/uploads\/2019\/08\/ilk-bisiklet.jpg","width":720,"height":609},{"@type":"BreadcrumbList","@id":"https:\/\/www.sporplaza.com\/blog\/bisiklet-nerede-ne-zaman-ve-kim-tarafindan-icat-edilmistir\/#breadcrumb","itemListElement":[{"@type":"ListItem","position":1,"name":"Ana sayfa","item":"https:\/\/www.sporplaza.com\/blog\/"},{"@type":"ListItem","position":2,"name":"Bisiklet nerede ne zaman ve kim taraf\u0131ndan icat edilmi\u015ftir ?"}]},{"@type":"WebSite","@id":"https:\/\/www.sporplaza.com\/blog\/#website","url":"https:\/\/www.sporplaza.com\/blog\/","name":"Spor Plaza Bisiklet ve Spor \u00dcr\u00fcnleri","description":"Spora Dair Ne Varsa","publisher":{"@id":"https:\/\/www.sporplaza.com\/blog\/#organization"},"potentialAction":[{"@type":"SearchAction","target":{"@type":"EntryPoint","urlTemplate":"https:\/\/www.sporplaza.com\/blog\/?s={search_term_string}"},"query-input":{"@type":"PropertyValueSpecification","valueRequired":true,"valueName":"search_term_string"}}],"inLanguage":"tr"},{"@type":"Organization","@id":"https:\/\/www.sporplaza.com\/blog\/#organization","name":"Spor Plaza Bisiklet ve Spor \u00dcr\u00fcnleri","url":"https:\/\/www.sporplaza.com\/blog\/","logo":{"@type":"ImageObject","inLanguage":"tr","@id":"https:\/\/www.sporplaza.com\/blog\/#\/schema\/logo\/image\/","url":"https:\/\/www.sporplaza.com\/blog\/wp-content\/uploads\/2019\/09\/cropped-logo-kucuk.jpg","contentUrl":"https:\/\/www.sporplaza.com\/blog\/wp-content\/uploads\/2019\/09\/cropped-logo-kucuk.jpg","width":446,"height":90,"caption":"Spor Plaza Bisiklet ve Spor \u00dcr\u00fcnleri"},"image":{"@id":"https:\/\/www.sporplaza.com\/blog\/#\/schema\/logo\/image\/"}},{"@type":"Person","@id":"https:\/\/www.sporplaza.com\/blog\/#\/schema\/person\/cd8a5e2d20301020b8b7ab3e20b0027e","name":"admin","image":{"@type":"ImageObject","inLanguage":"tr","@id":"https:\/\/www.sporplaza.com\/blog\/#\/schema\/person\/image\/","url":"https:\/\/secure.gravatar.com\/avatar\/0f20071ca65e6497956bbb8202eec1a0?s=96&d=mm&r=g","contentUrl":"https:\/\/secure.gravatar.com\/avatar\/0f20071ca65e6497956bbb8202eec1a0?s=96&d=mm&r=g","caption":"admin"},"url":"https:\/\/www.sporplaza.com\/blog\/author\/admin\/"}]}},"_links":{"self":[{"href":"https:\/\/www.sporplaza.com\/blog\/wp-json\/wp\/v2\/posts\/45"}],"collection":[{"href":"https:\/\/www.sporplaza.com\/blog\/wp-json\/wp\/v2\/posts"}],"about":[{"href":"https:\/\/www.sporplaza.com\/blog\/wp-json\/wp\/v2\/types\/post"}],"author":[{"embeddable":true,"href":"https:\/\/www.sporplaza.com\/blog\/wp-json\/wp\/v2\/users\/1"}],"replies":[{"embeddable":true,"href":"https:\/\/www.sporplaza.com\/blog\/wp-json\/wp\/v2\/comments?post=45"}],"version-history":[{"count":2,"href":"https:\/\/www.sporplaza.com\/blog\/wp-json\/wp\/v2\/posts\/45\/revisions"}],"predecessor-version":[{"id":402,"href":"https:\/\/www.sporplaza.com\/blog\/wp-json\/wp\/v2\/posts\/45\/revisions\/402"}],"wp:featuredmedia":[{"embeddable":true,"href":"https:\/\/www.sporplaza.com\/blog\/wp-json\/wp\/v2\/media\/46"}],"wp:attachment":[{"href":"https:\/\/www.sporplaza.com\/blog\/wp-json\/wp\/v2\/media?parent=45"}],"wp:term":[{"taxonomy":"category","embeddable":true,"href":"https:\/\/www.sporplaza.com\/blog\/wp-json\/wp\/v2\/categories?post=45"},{"taxonomy":"post_tag","embeddable":true,"href":"https:\/\/www.sporplaza.com\/blog\/wp-json\/wp\/v2\/tags?post=45"}],"curies":[{"name":"wp","href":"https:\/\/api.w.org\/{rel}","templated":true}]}}